[{"@context":"https:\/\/schema.org\/","@type":"Article","@id":"https:\/\/www.rejza.cz\/chcete-vedet-co-vam-je\/#Article","mainEntityOfPage":"https:\/\/www.rejza.cz\/chcete-vedet-co-vam-je\/","headline":"Chcete v\u011bd\u011bt co v\u00e1m je?","name":"Chcete v\u011bd\u011bt co v\u00e1m je?","description":"N\u011bkte\u0159\u00ed lid\u00e9 jsou \u010dast\u011bji nemocn\u00ed ne\u017e ostatn\u00ed. M\u016f\u017ee za to p\u0159edev\u0161\u00edm stav jejich imunity. B\u011bhem jara a l\u00e9ta je pot\u0159eba za\u010d\u00edt budovat imunitu, kter\u00e1 v\u00e1s b\u011bhem sezony respira\u010dn\u00edch onemocn\u011bn\u00ed ochr\u00e1n\u00ed p\u0159ed alespo\u0148 nejhor\u0161\u00edmi nemocemi. Hlavn\u00ed sez\u00f3na nemoc\u00ed je tradi\u010dn\u011b na podzim a v zim\u011b, kdy s klesaj\u00edc\u00edmi teplotami za\u010d\u00ednaj\u00ed \u0159\u00e1dit viry i bakterie. Velmi \u010dast\u00fdmi [&hellip;]","datePublished":"2025-04-15","dateModified":"2025-04-15","author":{"@type":"Person","@id":"https:\/\/www.rejza.cz\/author\/#Person","name":"","url":"https:\/\/www.rejza.cz\/author\/","identifier":1,"image":{"@type":"ImageObject","@id":"https:\/\/secure.gravatar.com\/avatar\/383247cd769f7ac317a5bcda943ec48a3c79d996598ae4564ec21a0e178126d1?s=96&d=mm&r=g","url":"https:\/\/secure.gravatar.com\/avatar\/383247cd769f7ac317a5bcda943ec48a3c79d996598ae4564ec21a0e178126d1?s=96&d=mm&r=g","height":96,"width":96}},"publisher":{"@type":"Organization","name":"rejza.cz","logo":{"@type":"ImageObject","@id":"\/logo.png","url":"\/logo.png","width":600,"height":60}},"image":{"@type":"ImageObject","@id":"https:\/\/www.rejza.cz\/wp-content\/uploads\/testing-6517477_640_10_10_8.jpg","url":"https:\/\/www.rejza.cz\/wp-content\/uploads\/testing-6517477_640_10_10_8.jpg","height":0,"width":0},"url":"https:\/\/www.rejza.cz\/chcete-vedet-co-vam-je\/","about":["V\u00fdrobky"],"wordCount":419,"articleBody":"       N\u011bkte\u0159\u00ed lid\u00e9 jsou \u010dast\u011bji nemocn\u00ed ne\u017e ostatn\u00ed. M\u016f\u017ee za to p\u0159edev\u0161\u00edm stav jejich imunity. B\u011bhem jara a l\u00e9ta je pot\u0159eba za\u010d\u00edt budovat imunitu, kter\u00e1 v\u00e1s b\u011bhem sezony respira\u010dn\u00edch onemocn\u011bn\u00ed ochr\u00e1n\u00ed p\u0159ed alespo\u0148 nejhor\u0161\u00edmi nemocemi. Hlavn\u00ed sez\u00f3na nemoc\u00ed je tradi\u010dn\u011b na podzim a v zim\u011b, kdy s klesaj\u00edc\u00edmi teplotami za\u010d\u00ednaj\u00ed \u0159\u00e1dit viry i bakterie. Velmi \u010dast\u00fdmi nemocemi jsou r\u016fzn\u00e9 varianty vir\u00f3z nebo ch\u0159ipek. Zat\u00edmco bakteri\u00e1ln\u00ed nemoc je mo\u017en\u00e9 l\u00e9\u010dit pomoc\u00ed antibiotik, virov\u00e1 onemocn\u011bn\u00ed l\u00e9\u010dit nelze, a je mo\u017en\u00e9 pouze potla\u010dovat p\u0159\u00edznaky.Mezi virov\u00e1 onemocn\u011bn\u00ed pat\u0159\u00ed i ch\u0159ipka. Existuje v\u00edce kmen\u016f, a ka\u017ed\u00e1 ch\u0159ipka m\u00e1 jin\u00fd pr\u016fb\u011bh. Jak\u00e1koliv ch\u0159ipka ale m\u016f\u017ee zp\u016fsobit i \u017eivot ohro\u017euj\u00edc\u00ed stavy. Aby toho nebylo m\u00e1lo, klasickou ch\u0159ipku je mo\u017en\u00e9 si spl\u00e9st s covidem. I ten se m\u016f\u017ee projevovat jako klasick\u00e1 ch\u0159ipka. Typick\u00fdmi p\u0159\u00edznaky jsou bolesti hlavy, sval\u016f a kloub\u016f, mal\u00e1tnost, zv\u00fd\u0161en\u00e1  http:\/\/www.meredit.cz\/bezna-teplota-zvysena-teplota-a-horecka\/ teplota, nebo dokonce hore\u010dka, r\u00fdma, bolesti v krku nebo ka\u0161el. V\u0161echny tyto p\u0159\u00edznaky jsou ov\u0161em i p\u0159\u00edznaky oby\u010dejn\u00e9ho nachlazen\u00ed. Proto je jednoduch\u00e9 si tuto nemoc spl\u00e9st s n\u011bkterou jinou.U covidu jde i o probl\u00e9m s t\u00edm, \u017ee se u n\u011bkoho nemus\u00ed projevovat \u017e\u00e1dn\u00e9 z p\u0159\u00edznak\u016f, a \u010dlov\u011bk je jen p\u0159ena\u0161e\u010dem. Proto je pot\u0159eba si v obdob\u00ed respira\u010dn\u00edch nemoc\u00ed pravideln\u011b d\u011blat antigenn\u00ed testy, kter\u00e9 v\u00e1m b\u011bhem chvilky prozrad\u00ed, zda jste nemocn\u00ed, a nebo zda jste jen p\u0159ena\u0161e\u010dem. Pokud byste byli jen p\u0159ena\u0161e\u010dem, nebudete na sob\u011b poci\u0165ovat \u017e\u00e1dn\u00e9 p\u0159\u00edznaky, ale nemoc od v\u00e1s chyt\u00ed kdokoliv dal\u0161\u00ed. V p\u0159\u00edpad\u011b pozitivn\u00edho testu je samoz\u0159ejm\u011b nam\u00edst\u011b zv\u00fd\u0161en\u00e1 opatrnost nebo je\u0161t\u011b l\u00e9pe odlo\u017een\u00ed n\u00e1v\u0161t\u011bv.M\u00edt doma testy je pot\u0159eba i z toho d\u016fvodu, \u017ee pokud byste \u0161li k l\u00e9ka\u0159i, stejn\u011b v\u00e1m test bude d\u011blat on. D\u00edky doma pou\u017eit\u00e9mu testu u\u017e budete v\u011bd\u011bt, co m\u00e1te l\u00e9ka\u0159i nahl\u00e1sit v p\u0159\u00edpad\u011b pot\u0159eby neschopenky. Myslete na to, a m\u011bjte doma v\u017edy testy k dispozici.                                                                                                                                                                                                                                                                                                                                                                                          5\/5 - (1 vote)        "},{"@context":"https:\/\/schema.org\/","@type":"BreadcrumbList","itemListElement":[{"@type":"ListItem","position":1,"name":"Chcete v\u011bd\u011bt co v\u00e1m je?","item":"https:\/\/www.rejza.cz\/chcete-vedet-co-vam-je\/#breadcrumbitem"}]}]