[{"@context":"https:\/\/schema.org\/","@type":"Article","@id":"https:\/\/www.rejza.cz\/doplnek-ktery-by-vam-nemel-chybet\/#Article","mainEntityOfPage":"https:\/\/www.rejza.cz\/doplnek-ktery-by-vam-nemel-chybet\/","headline":"Dopln\u011bk, kter\u00fd by V\u00e1m nem\u011bl chyb\u011bt","name":"Dopln\u011bk, kter\u00fd by V\u00e1m nem\u011bl chyb\u011bt","description":"M\u00e1te ji\u017e hotov\u00e9 vybaven\u00ed sv\u00e9ho bytu? Dali jste si z\u00e1le\u017eet s v\u00fdb\u011brem seda\u010dky, k\u0159esel i stolu? Va\u0161e kuchy\u0148 je dokonal\u00e1 a p\u0159esto m\u00e1te pocit, \u017ee V\u00e1m n\u011bco chyb\u00ed? Pak V\u00e1m mo\u017en\u00e1 chyb\u00ed n\u011bco, co by bylo ozdobou Va\u0161eho domova, co by bylo dokonalou te\u010dkou Va\u0161eho interi\u00e9ru. Mo\u017en\u00e1 by to mohl b\u00fdt n\u011bkter\u00fd z p\u011bkn\u00fdch modern\u00edch [&hellip;]","datePublished":"2025-08-28","dateModified":"2025-08-28","author":{"@type":"Person","@id":"https:\/\/www.rejza.cz\/author\/#Person","name":"","url":"https:\/\/www.rejza.cz\/author\/","identifier":1,"image":{"@type":"ImageObject","@id":"https:\/\/secure.gravatar.com\/avatar\/383247cd769f7ac317a5bcda943ec48a3c79d996598ae4564ec21a0e178126d1?s=96&d=mm&r=g","url":"https:\/\/secure.gravatar.com\/avatar\/383247cd769f7ac317a5bcda943ec48a3c79d996598ae4564ec21a0e178126d1?s=96&d=mm&r=g","height":96,"width":96}},"publisher":{"@type":"Organization","name":"rejza.cz","logo":{"@type":"ImageObject","@id":"\/logo.png","url":"\/logo.png","width":600,"height":60}},"url":"https:\/\/www.rejza.cz\/doplnek-ktery-by-vam-nemel-chybet\/","wordCount":249,"articleBody":"M\u00e1te ji\u017e hotov\u00e9 vybaven\u00ed sv\u00e9ho bytu? Dali jste si z\u00e1le\u017eet s v\u00fdb\u011brem seda\u010dky, k\u0159esel i stolu? Va\u0161e kuchy\u0148 je dokonal\u00e1 a p\u0159esto m\u00e1te pocit, \u017ee V\u00e1m n\u011bco chyb\u00ed? Pak V\u00e1m mo\u017en\u00e1 chyb\u00ed n\u011bco, co by bylo ozdobou Va\u0161eho domova, co by bylo dokonalou te\u010dkou Va\u0161eho interi\u00e9ru. Mo\u017en\u00e1 by to mohl b\u00fdt n\u011bkter\u00fd z p\u011bkn\u00fdch modern\u00edch koberc\u016f. Nespokojte se v\u0161ak jen tak s ledajak\u00fdm. Kouzlo jedine\u010dnosti Bu\u010fte p\u0159i v\u00fdb\u011bru n\u00e1ro\u010dn\u00ed, vyberte si takov\u00fd, o n\u011bm\u017e si m\u016f\u017eete b\u00fdt jisti, \u017ee naprosto toto\u017en\u00fd nikdo nem\u00e1. Vyberte si takov\u00fd, kter\u00fd v sob\u011b nese dotek lidsk\u00e9 ruky, kter\u00fd v sob\u011b nese kousek skute\u010dn\u00e9 ru\u010dn\u00ed pr\u00e1ce. Vyberte si takov\u00fd, kter\u00fd je modern\u00ed a p\u0159itom v sob\u011b nese odkaz koberc\u016f tkan\u00fdch ji\u017e p\u0159ed stalet\u00edmi. Pr\u00e1v\u011b takov\u00fd se\u017eenete v prodejn\u011b Buchara, p\u0159ij\u010fte se pod\u00edvat i Vy. S\u00eddl\u00edme v centru Prahy, dostanete se k n\u00e1m velice pohodln\u011b m\u011bstskou hromadnou dopravou. P\u0159ij\u010fte se k n\u00e1m t\u0159eba i jen pod\u00edvat a nas\u00e1t jedine\u010dnou atmosf\u00e9ru, sv\u016fj v\u00fdb\u011br neusp\u011bchejte. Nebojte se, \u017ee by cena byla pro V\u00e1s p\u0159\u00edli\u0161 vysok\u00e1, \u0159adu kus\u016f nab\u00edz\u00edme s mimo\u0159\u00e1dnou a a\u017e neuv\u011b\u0159itelnou slevou.                                                                                                                                                                                                                                                                                                                                                                                                "},{"@context":"https:\/\/schema.org\/","@type":"BreadcrumbList","itemListElement":[{"@type":"ListItem","position":1,"name":"Dopln\u011bk, kter\u00fd by V\u00e1m nem\u011bl chyb\u011bt","item":"https:\/\/www.rejza.cz\/doplnek-ktery-by-vam-nemel-chybet\/#breadcrumbitem"}]}]