[{"@context":"https:\/\/schema.org\/","@type":"Article","@id":"https:\/\/www.rejza.cz\/jsou-nutne-snehove-retezy-na-traktor\/#Article","mainEntityOfPage":"https:\/\/www.rejza.cz\/jsou-nutne-snehove-retezy-na-traktor\/","headline":"Jsou nutn\u00e9 sn\u011bhov\u00e9 \u0159et\u011bzy na traktor?","name":"Jsou nutn\u00e9 sn\u011bhov\u00e9 \u0159et\u011bzy na traktor?","description":"V dne\u0161n\u00ed dob\u011b jsme se stali pom\u011brn\u011b dost z\u00e1visl\u00fdmi na nejr\u016fzn\u011bj\u0161\u00edch dopravn\u00edch prost\u0159edc\u00edch. Po\u017eadujeme tedy po nich tak\u00e9 to, aby fungovaly pokud mo\u017eno za v\u0161ech podm\u00ednek, a to v\u010detn\u011b zimy a siln\u00e9 vrstvy sn\u011bhu. Je v\u0161ak ot\u00e1zkou, zda jsou n\u011bkter\u00e1 opat\u0159en\u00ed skute\u010dn\u011b nezbytn\u00e1. Sem pat\u0159\u00ed nap\u0159\u00edklad sn\u011bhov\u00e9 \u0159et\u011bzy na traktor. Jist\u011b, u osobn\u00edch \u010di n\u00e1kladn\u00edch [&hellip;]","datePublished":"2023-10-13","dateModified":"2023-10-13","author":{"@type":"Person","@id":"https:\/\/www.rejza.cz\/author\/#Person","name":"","url":"https:\/\/www.rejza.cz\/author\/","identifier":1,"image":{"@type":"ImageObject","@id":"https:\/\/secure.gravatar.com\/avatar\/383247cd769f7ac317a5bcda943ec48a3c79d996598ae4564ec21a0e178126d1?s=96&d=mm&r=g","url":"https:\/\/secure.gravatar.com\/avatar\/383247cd769f7ac317a5bcda943ec48a3c79d996598ae4564ec21a0e178126d1?s=96&d=mm&r=g","height":96,"width":96}},"publisher":{"@type":"Organization","name":"rejza.cz","logo":{"@type":"ImageObject","@id":"\/logo.png","url":"\/logo.png","width":600,"height":60}},"image":{"@type":"ImageObject","@id":"https:\/\/www.rejza.cz\/wp-content\/uploads\/auto31_6.jpg","url":"https:\/\/www.rejza.cz\/wp-content\/uploads\/auto31_6.jpg","height":0,"width":0},"url":"https:\/\/www.rejza.cz\/jsou-nutne-snehove-retezy-na-traktor\/","about":["Business"],"wordCount":441,"articleBody":"   V dne\u0161n\u00ed dob\u011b jsme se stali pom\u011brn\u011b dost z\u00e1visl\u00fdmi na nejr\u016fzn\u011bj\u0161\u00edch dopravn\u00edch prost\u0159edc\u00edch. Po\u017eadujeme tedy po nich tak\u00e9 to, aby fungovaly pokud mo\u017eno za v\u0161ech podm\u00ednek, a to v\u010detn\u011b zimy a siln\u00e9 vrstvy sn\u011bhu.Je v\u0161ak ot\u00e1zkou, zda jsou n\u011bkter\u00e1 opat\u0159en\u00ed skute\u010dn\u011b nezbytn\u00e1. Sem pat\u0159\u00ed nap\u0159\u00edklad sn\u011bhov\u00e9 \u0159et\u011bzy na traktor. Jist\u011b, u osobn\u00edch \u010di n\u00e1kladn\u00edch automobil\u016f d\u00e1vaj\u00ed smysl, nebo\u0165 tyto se mohou pohybovat nap\u0159\u00edklad po horsk\u00fdch silnic\u00edch, kde mohou skute\u010dn\u011b le\u017eet vysok\u00e9 vrstvy sn\u011bhu. U traktor\u016f se to v\u0161ak zd\u00e1 zbyte\u010dn\u00e9.T\u00edm hlavn\u00edm d\u016fvodem je to, \u017ee se jedn\u00e1 v podstat\u011b o pracovn\u00ed n\u00e1stroj. Neslou\u017e\u00ed k p\u0159eprav\u011b z m\u00edsta na m\u00edsto, i kdy\u017e samoz\u0159ejm\u011b p\u0159ej\u00ed\u017ed\u011bt mus\u00ed. Jeho hlavn\u00edm \u00fakolem je v\u0161ak pr\u00e1ce na poli, tedy orba sklize\u0148, post\u0159iky a dal\u0161\u00ed. \u017d\u00e1dn\u00e1 z t\u011bchto prac\u00ed se v\u0161ak v zim\u011b z pochopiteln\u00fdch d\u016fvod\u016f neprov\u00e1d\u00ed.Samoz\u0159ejm\u011b, m\u016f\u017eeme nam\u00edtnout, \u017ee se pou\u017e\u00edvaj\u00ed i k tah\u00e1n\u00ed t\u011b\u017ek\u00fdch n\u00e1klad\u016f v obt\u00ed\u017en\u00e9m ter\u00e9nu, nap\u0159\u00edklad d\u0159eva z lesa. A je pravdou, \u017ee to se m\u016f\u017ee t\u011b\u017eit i v zim\u011b, zvl\u00e1\u0161t\u011b pokud nastane kalamita, kter\u00e1 zp\u016fsob\u00ed polom. V takov\u00e9m p\u0159\u00edpad\u011b jsou samoz\u0159ejm\u011b \u0159et\u011bzy pln\u011b ospravedln\u011bn\u00e9 a pochopiteln\u00e9.Av\u0161ak v p\u0159\u00edpad\u011b, \u017ee jej pou\u017e\u00edv\u00e1me v\u00fdhradn\u011b k zem\u011bd\u011blsk\u00fdm prac\u00edm, se jedn\u00e1 v podstat\u011b o zbyte\u010dnou investici, zvl\u00e1\u0161t\u011b kdy\u017e vezmeme v \u00favahu st\u00e1le m\u00edrn\u011bj\u0161\u00ed zimy na na\u0161em \u00fazem\u00ed. Koneckonc\u016f ani naprost\u00e1 v\u011bt\u0161ina b\u011b\u017en\u00fdch aut, kter\u00e1 jezd\u00ed po silnic\u00edch, je za celou zimu ani jednou nevyu\u017eije.Ne\u017e tedy za\u010dneme uva\u017eovat nad jejich koup\u00ed, m\u011bli bychom se zamyslet nad t\u00edm, zda pro n\u011b v\u016fbec budeme m\u00edt pou\u017eit\u00ed. Pr\u00e1v\u011b zem\u011bd\u011blci si toti\u017e nemohou p\u0159\u00edli\u0161 dovolit mrhat pen\u011bzi. Nam\u00edsto toho je dobr\u00e9 se pod\u00edvat, zda bychom onu \u010d\u00e1stku nemohli l\u00e9pe investovat n\u011bkde jinde. Pokud v\u0161ak dojdeme k n\u00e1zoru, \u017ee se bez nich neobejdeme, pak nem\u00e1 smysl v\u00e1hat. Jejich nepou\u017eit\u00ed by toti\u017e mohlo m\u00edt velmi nep\u011bkn\u00e9 n\u00e1sledky, a to nejen pro n\u00e1s. Pak bychom si jen mohli rv\u00e1t vlasy, \u017ee jsme toto opat\u0159en\u00ed zanedbali. A to nikdo z n\u00e1s nechce.                                                                                                                                                                                                                                                                                                                                                                                          2.7\/5 - (4 votes)        "},{"@context":"https:\/\/schema.org\/","@type":"BreadcrumbList","itemListElement":[{"@type":"ListItem","position":1,"name":"Jsou nutn\u00e9 sn\u011bhov\u00e9 \u0159et\u011bzy na traktor?","item":"https:\/\/www.rejza.cz\/jsou-nutne-snehove-retezy-na-traktor\/#breadcrumbitem"}]}]