[{"@context":"https:\/\/schema.org\/","@type":"Article","@id":"https:\/\/www.rejza.cz\/mate-sve-auto-v-servisu\/#Article","mainEntityOfPage":"https:\/\/www.rejza.cz\/mate-sve-auto-v-servisu\/","headline":"M\u00e1te sv\u00e9 auto v servisu?","name":"M\u00e1te sv\u00e9 auto v servisu?","description":"M\u00e1te sv\u00e9 auto v servisu? A nutn\u011b pot\u0159ebujete automobil jen na p\u00e1r dn\u00ed, ne\u017e se V\u00e1\u0161 mil\u00e1\u010dek vr\u00e1t\u00ed od automechanik\u016f? Jestli\u017ee ano, tak na\u0161e autop\u016fj\u010dovna je t\u00edm spr\u00e1vn\u00fdm \u0159e\u0161en\u00edm pro V\u00e1s. P\u016fj\u010dujeme automobily ji\u017e od 302,- K\u010d za den. Pro\u010d si vyp\u016fj\u010dit v\u016fz pr\u00e1v\u011b u n\u00e1s? Proto\u017ee jsme nejlevn\u011bj\u0161\u00ed autop\u016fj\u010dovna na \u010desk\u00e9m trhu. Vlastn\u00edme \u0161irokou [&hellip;]","datePublished":"2025-01-03","dateModified":"2025-01-03","author":{"@type":"Person","@id":"https:\/\/www.rejza.cz\/author\/#Person","name":"","url":"https:\/\/www.rejza.cz\/author\/","identifier":1,"image":{"@type":"ImageObject","@id":"https:\/\/secure.gravatar.com\/avatar\/383247cd769f7ac317a5bcda943ec48a3c79d996598ae4564ec21a0e178126d1?s=96&d=mm&r=g","url":"https:\/\/secure.gravatar.com\/avatar\/383247cd769f7ac317a5bcda943ec48a3c79d996598ae4564ec21a0e178126d1?s=96&d=mm&r=g","height":96,"width":96}},"publisher":{"@type":"Organization","name":"rejza.cz","logo":{"@type":"ImageObject","@id":"\/logo.png","url":"\/logo.png","width":600,"height":60}},"url":"https:\/\/www.rejza.cz\/mate-sve-auto-v-servisu\/","wordCount":189,"articleBody":"M\u00e1te sv\u00e9 auto v servisu? A nutn\u011b pot\u0159ebujete automobil jen na p\u00e1r dn\u00ed, ne\u017e se V\u00e1\u0161 mil\u00e1\u010dek vr\u00e1t\u00ed od automechanik\u016f? Jestli\u017ee ano, tak na\u0161e autop\u016fj\u010dovna je t\u00edm spr\u00e1vn\u00fdm \u0159e\u0161en\u00edm pro V\u00e1s. P\u016fj\u010dujeme automobily ji\u017e od 302,- K\u010d za den. Pro\u010d si vyp\u016fj\u010dit v\u016fz pr\u00e1v\u011b u n\u00e1s? Proto\u017ee jsme nejlevn\u011bj\u0161\u00ed autop\u016fj\u010dovna na \u010desk\u00e9m trhu. Vlastn\u00edme \u0161irokou nab\u00eddku voz\u016f, kter\u00e9 jsme ochotni dopravit a\u017e p\u0159ed V\u00e1\u0161 d\u016fm. Na\u0161e autop\u016fj\u010dovna V\u00e1m zajist\u00ed, \u017ee u\u017e nikdy nebudete muset chodit p\u011b\u0161ky p\u0159i b\u011b\u017en\u00e9m servisu nebo drobn\u00fdch oprav Va\u0161eho auta. Vyu\u017eijte na\u0161ich slu\u017eeb a u\u017eijte si plynulou j\u00edzdu na\u0161imi vozy.  Necho\u010fte p\u011b\u0161ky &#8211; svezte se s n\u00e1mi Po cel\u00e9 \u010cesk\u00e9 republice vyp\u016fj\u010dujeme auta na\u0161im z\u00e1kazn\u00edk\u016fm, aby nemuseli chodit p\u011b\u0161ky, vyu\u017eijte i Vy na\u0161ich slu\u017eeb a u\u017e\u00edvejte si bezstarostnou j\u00edzdu po silnic\u00edch.                                                                                                                                                                                                                                                                                                                                                                                        2\/5 - (1 vote)        "},{"@context":"https:\/\/schema.org\/","@type":"BreadcrumbList","itemListElement":[{"@type":"ListItem","position":1,"name":"M\u00e1te sv\u00e9 auto v servisu?","item":"https:\/\/www.rejza.cz\/mate-sve-auto-v-servisu\/#breadcrumbitem"}]}]