[{"@context":"https:\/\/schema.org\/","@type":"Blog","@id":"https:\/\/www.rejza.cz#Blog","headline":"Rejza","description":"\nPot\u0159ebujete poradit s PR? Pot\u0159ebujete, aby o v\u00e1s sv\u011bt v\u011bd\u011bl? Pak pot\u0159ebujete v prvn\u00ed \u0159ad\u011b, aby o v\u00e1s v\u011bd\u011bli odborn\u00edci z na\u0161eho webu, kte\u0159\u00ed v\u00e1m mohou pomoci.","url":"https:\/\/www.rejza.cz","hasPart":[{"@type":"Article","@id":"https:\/\/www.rejza.cz\/septiky\/","headline":"Septiky","url":"https:\/\/www.rejza.cz\/septiky\/","datePublished":"2025-02-11","dateModified":"2025-02-11","mainEntityOfPage":"https:\/\/www.rejza.cz\/septiky\/","author":{"@type":"Person","@id":"https:\/\/www.rejza.cz\/author\/#Person","name":"","url":"https:\/\/www.rejza.cz\/author\/","identifier":1,"image":{"@type":"ImageObject","@id":"https:\/\/secure.gravatar.com\/avatar\/383247cd769f7ac317a5bcda943ec48a3c79d996598ae4564ec21a0e178126d1?s=96&d=mm&r=g","url":"https:\/\/secure.gravatar.com\/avatar\/383247cd769f7ac317a5bcda943ec48a3c79d996598ae4564ec21a0e178126d1?s=96&d=mm&r=g","height":96,"width":96}},"publisher":{"@type":"Organization","name":"rejza.cz","logo":{"@type":"ImageObject","@id":"\/logo.png","url":"\/logo.png","width":600,"height":60}},"image":null,"wordCount":216,"keywords":null},{"@type":"Article","@id":"https:\/\/www.rejza.cz\/ucetni\/","headline":"\u00da\u010detn\u00ed","url":"https:\/\/www.rejza.cz\/ucetni\/","datePublished":"2025-02-07","dateModified":"2025-02-07","mainEntityOfPage":"https:\/\/www.rejza.cz\/ucetni\/","author":{"@type":"Person","@id":"https:\/\/www.rejza.cz\/author\/#Person","name":"","url":"https:\/\/www.rejza.cz\/author\/","identifier":1,"image":{"@type":"ImageObject","@id":"https:\/\/secure.gravatar.com\/avatar\/383247cd769f7ac317a5bcda943ec48a3c79d996598ae4564ec21a0e178126d1?s=96&d=mm&r=g","url":"https:\/\/secure.gravatar.com\/avatar\/383247cd769f7ac317a5bcda943ec48a3c79d996598ae4564ec21a0e178126d1?s=96&d=mm&r=g","height":96,"width":96}},"publisher":{"@type":"Organization","name":"rejza.cz","logo":{"@type":"ImageObject","@id":"\/logo.png","url":"\/logo.png","width":600,"height":60}},"image":null,"wordCount":231,"keywords":null},{"@type":"Article","@id":"https:\/\/www.rejza.cz\/vstupni-rohoze\/","headline":"Vstupn\u00ed roho\u017ee","url":"https:\/\/www.rejza.cz\/vstupni-rohoze\/","datePublished":"2025-01-31","dateModified":"2025-01-31","mainEntityOfPage":"https:\/\/www.rejza.cz\/vstupni-rohoze\/","author":{"@type":"Person","@id":"https:\/\/www.rejza.cz\/author\/#Person","name":"","url":"https:\/\/www.rejza.cz\/author\/","identifier":1,"image":{"@type":"ImageObject","@id":"https:\/\/secure.gravatar.com\/avatar\/383247cd769f7ac317a5bcda943ec48a3c79d996598ae4564ec21a0e178126d1?s=96&d=mm&r=g","url":"https:\/\/secure.gravatar.com\/avatar\/383247cd769f7ac317a5bcda943ec48a3c79d996598ae4564ec21a0e178126d1?s=96&d=mm&r=g","height":96,"width":96}},"publisher":{"@type":"Organization","name":"rejza.cz","logo":{"@type":"ImageObject","@id":"\/logo.png","url":"\/logo.png","width":600,"height":60}},"image":null,"wordCount":250,"keywords":null},{"@type":"Article","@id":"https:\/\/www.rejza.cz\/dekorace-v-tkaninach\/","headline":"Dekorace v tkanin\u00e1ch","url":"https:\/\/www.rejza.cz\/dekorace-v-tkaninach\/","datePublished":"2025-01-23","dateModified":"2025-01-23","mainEntityOfPage":"https:\/\/www.rejza.cz\/dekorace-v-tkaninach\/","author":{"@type":"Person","@id":"https:\/\/www.rejza.cz\/author\/#Person","name":"","url":"https:\/\/www.rejza.cz\/author\/","identifier":1,"image":{"@type":"ImageObject","@id":"https:\/\/secure.gravatar.com\/avatar\/383247cd769f7ac317a5bcda943ec48a3c79d996598ae4564ec21a0e178126d1?s=96&d=mm&r=g","url":"https:\/\/secure.gravatar.com\/avatar\/383247cd769f7ac317a5bcda943ec48a3c79d996598ae4564ec21a0e178126d1?s=96&d=mm&r=g","height":96,"width":96}},"publisher":{"@type":"Organization","name":"rejza.cz","logo":{"@type":"ImageObject","@id":"\/logo.png","url":"\/logo.png","width":600,"height":60}},"image":null,"wordCount":240,"keywords":null},{"@type":"Article","@id":"https:\/\/www.rejza.cz\/ubytujte-se-u-nas\/","headline":"Ubytujte se u n\u00e1s","url":"https:\/\/www.rejza.cz\/ubytujte-se-u-nas\/","datePublished":"2025-01-15","dateModified":"2025-01-15","mainEntityOfPage":"https:\/\/www.rejza.cz\/ubytujte-se-u-nas\/","author":{"@type":"Person","@id":"https:\/\/www.rejza.cz\/author\/#Person","name":"","url":"https:\/\/www.rejza.cz\/author\/","identifier":1,"image":{"@type":"ImageObject","@id":"https:\/\/secure.gravatar.com\/avatar\/383247cd769f7ac317a5bcda943ec48a3c79d996598ae4564ec21a0e178126d1?s=96&d=mm&r=g","url":"https:\/\/secure.gravatar.com\/avatar\/383247cd769f7ac317a5bcda943ec48a3c79d996598ae4564ec21a0e178126d1?s=96&d=mm&r=g","height":96,"width":96}},"publisher":{"@type":"Organization","name":"rejza.cz","logo":{"@type":"ImageObject","@id":"\/logo.png","url":"\/logo.png","width":600,"height":60}},"image":null,"wordCount":232,"keywords":null},{"@type":"Article","@id":"https:\/\/www.rejza.cz\/vylepsete-vzhled-sve-domacnosti\/","headline":"Vylep\u0161ete vzhled sv\u00e9 dom\u00e1cnosti","url":"https:\/\/www.rejza.cz\/vylepsete-vzhled-sve-domacnosti\/","datePublished":"2025-01-10","dateModified":"2025-01-10","mainEntityOfPage":"https:\/\/www.rejza.cz\/vylepsete-vzhled-sve-domacnosti\/","author":{"@type":"Person","@id":"https:\/\/www.rejza.cz\/author\/#Person","name":"","url":"https:\/\/www.rejza.cz\/author\/","identifier":1,"image":{"@type":"ImageObject","@id":"https:\/\/secure.gravatar.com\/avatar\/383247cd769f7ac317a5bcda943ec48a3c79d996598ae4564ec21a0e178126d1?s=96&d=mm&r=g","url":"https:\/\/secure.gravatar.com\/avatar\/383247cd769f7ac317a5bcda943ec48a3c79d996598ae4564ec21a0e178126d1?s=96&d=mm&r=g","height":96,"width":96}},"publisher":{"@type":"Organization","name":"rejza.cz","logo":{"@type":"ImageObject","@id":"\/logo.png","url":"\/logo.png","width":600,"height":60}},"image":null,"wordCount":251,"keywords":null},{"@type":"Article","@id":"https:\/\/www.rejza.cz\/mate-sve-auto-v-servisu\/","headline":"M\u00e1te sv\u00e9 auto v servisu?","url":"https:\/\/www.rejza.cz\/mate-sve-auto-v-servisu\/","datePublished":"2025-01-03","dateModified":"2025-01-03","mainEntityOfPage":"https:\/\/www.rejza.cz\/mate-sve-auto-v-servisu\/","author":{"@type":"Person","@id":"https:\/\/www.rejza.cz\/author\/#Person","name":"","url":"https:\/\/www.rejza.cz\/author\/","identifier":1,"image":{"@type":"ImageObject","@id":"https:\/\/secure.gravatar.com\/avatar\/383247cd769f7ac317a5bcda943ec48a3c79d996598ae4564ec21a0e178126d1?s=96&d=mm&r=g","url":"https:\/\/secure.gravatar.com\/avatar\/383247cd769f7ac317a5bcda943ec48a3c79d996598ae4564ec21a0e178126d1?s=96&d=mm&r=g","height":96,"width":96}},"publisher":{"@type":"Organization","name":"rejza.cz","logo":{"@type":"ImageObject","@id":"\/logo.png","url":"\/logo.png","width":600,"height":60}},"image":null,"wordCount":237,"keywords":null},{"@type":"Article","@id":"https:\/\/www.rejza.cz\/velky-uklid\/","headline":"Velk\u00fd \u00faklid","url":"https:\/\/www.rejza.cz\/velky-uklid\/","datePublished":"2024-12-28","dateModified":"2024-12-28","mainEntityOfPage":"https:\/\/www.rejza.cz\/velky-uklid\/","author":{"@type":"Person","@id":"https:\/\/www.rejza.cz\/author\/#Person","name":"","url":"https:\/\/www.rejza.cz\/author\/","identifier":1,"image":{"@type":"ImageObject","@id":"https:\/\/secure.gravatar.com\/avatar\/383247cd769f7ac317a5bcda943ec48a3c79d996598ae4564ec21a0e178126d1?s=96&d=mm&r=g","url":"https:\/\/secure.gravatar.com\/avatar\/383247cd769f7ac317a5bcda943ec48a3c79d996598ae4564ec21a0e178126d1?s=96&d=mm&r=g","height":96,"width":96}},"publisher":{"@type":"Organization","name":"rejza.cz","logo":{"@type":"ImageObject","@id":"\/logo.png","url":"\/logo.png","width":600,"height":60}},"image":null,"wordCount":220,"keywords":null},{"@type":"Article","@id":"https:\/\/www.rejza.cz\/ubytovani-pro-narocne\/","headline":"Ubytov\u00e1n\u00ed pro n\u00e1ro\u010dn\u00e9","url":"https:\/\/www.rejza.cz\/ubytovani-pro-narocne\/","datePublished":"2024-12-20","dateModified":"2024-12-20","mainEntityOfPage":"https:\/\/www.rejza.cz\/ubytovani-pro-narocne\/","author":{"@type":"Person","@id":"https:\/\/www.rejza.cz\/author\/#Person","name":"","url":"https:\/\/www.rejza.cz\/author\/","identifier":1,"image":{"@type":"ImageObject","@id":"https:\/\/secure.gravatar.com\/avatar\/383247cd769f7ac317a5bcda943ec48a3c79d996598ae4564ec21a0e178126d1?s=96&d=mm&r=g","url":"https:\/\/secure.gravatar.com\/avatar\/383247cd769f7ac317a5bcda943ec48a3c79d996598ae4564ec21a0e178126d1?s=96&d=mm&r=g","height":96,"width":96}},"publisher":{"@type":"Organization","name":"rejza.cz","logo":{"@type":"ImageObject","@id":"\/logo.png","url":"\/logo.png","width":600,"height":60}},"image":null,"wordCount":246,"keywords":null},{"@type":"Article","@id":"https:\/\/www.rejza.cz\/profesionalni-kuchari\/","headline":"Profesion\u00e1ln\u00ed kucha\u0159i","url":"https:\/\/www.rejza.cz\/profesionalni-kuchari\/","datePublished":"2024-12-13","dateModified":"2024-12-13","mainEntityOfPage":"https:\/\/www.rejza.cz\/profesionalni-kuchari\/","author":{"@type":"Person","@id":"https:\/\/www.rejza.cz\/author\/#Person","name":"","url":"https:\/\/www.rejza.cz\/author\/","identifier":1,"image":{"@type":"ImageObject","@id":"https:\/\/secure.gravatar.com\/avatar\/383247cd769f7ac317a5bcda943ec48a3c79d996598ae4564ec21a0e178126d1?s=96&d=mm&r=g","url":"https:\/\/secure.gravatar.com\/avatar\/383247cd769f7ac317a5bcda943ec48a3c79d996598ae4564ec21a0e178126d1?s=96&d=mm&r=g","height":96,"width":96}},"publisher":{"@type":"Organization","name":"rejza.cz","logo":{"@type":"ImageObject","@id":"\/logo.png","url":"\/logo.png","width":600,"height":60}},"image":null,"wordCount":216,"keywords":null}]},{"@context":"https:\/\/schema.org","@type":"WebSite","@id":"https:\/\/www.rejza.cz\/#website","name":"Rejza","url":"https:\/\/www.rejza.cz","potentialAction":{"@type":"SearchAction","target":"https:\/\/www.rejza.cz\/?s={search_term_string}","query-input":"required name=search_term_string"}}]