[{"@context":"https:\/\/schema.org\/","@type":"Article","@id":"https:\/\/www.rejza.cz\/raj-kabelek\/#Article","mainEntityOfPage":"https:\/\/www.rejza.cz\/raj-kabelek\/","headline":"R\u00e1j kabelek","name":"R\u00e1j kabelek","description":"Ka\u017ed\u00e1 norm\u00e1ln\u00ed \u017eena pot\u0159ebuje hned n\u011bkolik r\u016fzn\u00fdch kabelek a mu\u017ei tomu nerozum\u00ed. To je v\u0161eobecn\u011b zn\u00e1m\u00fd fakt. Nech\u00e1pou, pro\u010d m\u00e1te hned n\u011bkolik kabelek, kdy\u017e by sta\u010dila jen jedna. Nech\u00e1pou, pro\u010d pot\u0159ebujete k t\u011bm, co ji\u017e m\u00e1te, je\u0161t\u011b n\u011bkolik dal\u0161\u00edch. V \u0161atn\u00edku n\u011bkter\u00fdch \u017een je ukryto \u010dasto cel\u00e9 jm\u011bn\u00ed pen\u011bz, kter\u00e9 dan\u00e1 \u017eena investovala do t\u011bchto [&hellip;]","datePublished":"2019-03-06","dateModified":"2023-05-01","author":{"@type":"Person","@id":"https:\/\/www.rejza.cz\/author\/#Person","name":"","url":"https:\/\/www.rejza.cz\/author\/","identifier":1,"image":{"@type":"ImageObject","@id":"https:\/\/secure.gravatar.com\/avatar\/383247cd769f7ac317a5bcda943ec48a3c79d996598ae4564ec21a0e178126d1?s=96&d=mm&r=g","url":"https:\/\/secure.gravatar.com\/avatar\/383247cd769f7ac317a5bcda943ec48a3c79d996598ae4564ec21a0e178126d1?s=96&d=mm&r=g","height":96,"width":96}},"publisher":{"@type":"Organization","name":"rejza.cz","logo":{"@type":"ImageObject","@id":"\/logo.png","url":"\/logo.png","width":600,"height":60}},"image":{"@type":"ImageObject","@id":"https:\/\/www.rejza.cz\/wp-content\/uploads\/img_a339925_w2615_t1552995179.jpg","url":"https:\/\/www.rejza.cz\/wp-content\/uploads\/img_a339925_w2615_t1552995179.jpg","height":0,"width":0},"url":"https:\/\/www.rejza.cz\/raj-kabelek\/","about":["V\u00fdrobky"],"wordCount":410,"articleBody":"Ka\u017ed\u00e1 norm\u00e1ln\u00ed \u017eena pot\u0159ebuje hned n\u011bkolik r\u016fzn\u00fdch kabelek a mu\u017ei tomu nerozum\u00ed. To je v\u0161eobecn\u011b zn\u00e1m\u00fd fakt. Nech\u00e1pou, pro\u010d m\u00e1te hned n\u011bkolik kabelek, kdy\u017e by sta\u010dila jen jedna. Nech\u00e1pou, pro\u010d pot\u0159ebujete k t\u011bm, co ji\u017e m\u00e1te, je\u0161t\u011b n\u011bkolik dal\u0161\u00edch. V \u0161atn\u00edku n\u011bkter\u00fdch \u017een je ukryto \u010dasto cel\u00e9 jm\u011bn\u00ed pen\u011bz, kter\u00e9 dan\u00e1 \u017eena investovala do t\u011bchto d\u00e1msk\u00fdch ta\u0161ek, kabelek. A hlavn\u011b, i kdy\u017e jich m\u00e1 t\u0159eba pades\u00e1t, m\u00e1 jich po\u0159\u00e1d m\u00e1lo a n\u011bjakou dal\u0161\u00ed nutn\u011b pot\u0159ebuje. To mu\u017ei nedok\u00e1\u017eou pochopit. P\u0159itom je to jednoduch\u00e9. Kabelka p\u0159eci nen\u00ed pouhou p\u0159epravkou na nezbytnosti. Kabelka je m\u00f3dn\u00edm dopl\u0148kem, okrasou a \u0161perkem i bohatstv\u00edm ka\u017ed\u00e9 \u017eeny. Kdo by tak\u00e9 nosil jen jednu kabelku, kdy\u017e se nehod\u00ed ke v\u0161emu? Nikdo, snad jen mu\u017ei. Kabelky m\u016f\u017eeme rozd\u011blit na kabelky pro ka\u017ed\u00fd den a kabelky na speci\u00e1ln\u00ed ud\u00e1losti. Kabelky na speci\u00e1ln\u00ed a slavnost\u00ed p\u0159\u00edle\u017eitosti jsou obvykle men\u0161\u00ed, ne\u017e kabelky pro ka\u017ed\u00fd den. Tak\u00e9 maj\u00ed slavnostn\u011bj\u0161\u00ed vzhled. Kabelek je na v\u00fdb\u011br nep\u0159ebern\u00e9 mno\u017estv\u00ed r\u016fzn\u00fdch styl\u016f, barev i pou\u017eit\u00fdch materi\u00e1l\u016f. M\u00e1me kabelky l\u00e1tkov\u00e9, ko\u017een\u00e9 a dokonce i plastov\u00e9, zna\u010dkov\u00e9 i nezna\u010dkov\u00e9, velk\u00e9, mal\u00e9, p\u0159es rameno, do ruky, crossbody i na z\u00e1da. Ka\u017ed\u00e1 \u017eena m\u00e1 jist\u011b, jednu nebo hned n\u011bkolik obl\u00edben\u00fdch kabelek, kter\u00e9 nos\u00ed velice r\u00e1da. V \u0161atn\u00edku \u017e\u00e1dn\u00e9 \u017eeny by nem\u011bla chyb\u011bt kabelka pro slavnostn\u00ed p\u0159\u00edle\u017eitosti, ve\u010dern\u00ed psan\u00ed\u010dko, velk\u00e1 i mal\u00e1 kabelka pro b\u011b\u017en\u00e9 no\u0161en\u00ed, kabelka v rebelsk\u00e9m stylu i kabelka k obleku \u010di \u0161at\u016fm. Proto\u017ee ka\u017ed\u00e1 \u017eena je na v\u0161e v\u017edy p\u0159ipravena, nem\u011bla by v \u0161atn\u00edku \u017een, kter\u00e9 jsou ji\u017e matkami chyb\u011bt dostate\u010dn\u011b velk\u00e1 kabelka, aby se do n\u00ed ve\u0161li pot\u0159eby nejen pro maminku, ale tak\u00e9 pro jej\u00edho potomka, jako jsou pleny na p\u0159ebalen\u00ed, lahvi\u010dka s ml\u00e9kem, p\u0159ebalovac\u00ed podlo\u017eka, hra\u010dky i z\u00e1soby vhodn\u00fdch potravin a n\u00e1hradn\u00ed oble\u010den\u00ed. Spr\u00e1vn\u00e1 kabelka s vhodn\u00fdm obsahem je pro ka\u017edou \u017eenu \u017eivotn\u011b d\u016fle\u017eitou z\u00e1le\u017eitost\u00ed.                                                                                                                                                                                                                                                                                                                                                                                        3.6\/5 - (5 votes)        "},{"@context":"https:\/\/schema.org\/","@type":"BreadcrumbList","itemListElement":[{"@type":"ListItem","position":1,"name":"R\u00e1j kabelek","item":"https:\/\/www.rejza.cz\/raj-kabelek\/#breadcrumbitem"}]}]