[{"@context":"https:\/\/schema.org\/","@type":"Article","@id":"https:\/\/www.rejza.cz\/ucetni\/#Article","mainEntityOfPage":"https:\/\/www.rejza.cz\/ucetni\/","headline":"\u00da\u010detn\u00ed","name":"\u00da\u010detn\u00ed","description":"M\u00edt vlastn\u00ed podnik\u00e1n\u00ed je spojeno se spoustou starost\u00ed. Zejm\u00e9na, pokud se n\u00e1m neda\u0159\u00ed tak, jak bychom si b\u00fdvali p\u016fvodn\u011b p\u0159\u00e1li. V\u00e1m se ale da\u0159\u00ed? Moment\u00e1ln\u011b p\u0159esto v\u0161echno \u0159e\u0161\u00edte probl\u00e9my s administrativou a zji\u0161\u0165ujete tak, \u017ee na to sami prost\u011b nesta\u010d\u00edte? Pot\u0159ebujete akutn\u011b svou \u00fa\u010detn\u00ed? Nezoufejte, za\u010dnete ji hledat! Takov\u00e1 s\u00edla se pak projev\u00ed jist\u011b i [&hellip;]","datePublished":"2025-02-07","dateModified":"2025-02-07","author":{"@type":"Person","@id":"https:\/\/www.rejza.cz\/author\/#Person","name":"","url":"https:\/\/www.rejza.cz\/author\/","identifier":1,"image":{"@type":"ImageObject","@id":"https:\/\/secure.gravatar.com\/avatar\/383247cd769f7ac317a5bcda943ec48a3c79d996598ae4564ec21a0e178126d1?s=96&d=mm&r=g","url":"https:\/\/secure.gravatar.com\/avatar\/383247cd769f7ac317a5bcda943ec48a3c79d996598ae4564ec21a0e178126d1?s=96&d=mm&r=g","height":96,"width":96}},"publisher":{"@type":"Organization","name":"rejza.cz","logo":{"@type":"ImageObject","@id":"\/logo.png","url":"\/logo.png","width":600,"height":60}},"url":"https:\/\/www.rejza.cz\/ucetni\/","wordCount":182,"articleBody":"M\u00edt vlastn\u00ed podnik\u00e1n\u00ed je spojeno se spoustou starost\u00ed. Zejm\u00e9na, pokud se n\u00e1m neda\u0159\u00ed tak, jak bychom si b\u00fdvali p\u016fvodn\u011b p\u0159\u00e1li. V\u00e1m se ale da\u0159\u00ed? Moment\u00e1ln\u011b p\u0159esto v\u0161echno \u0159e\u0161\u00edte probl\u00e9my s administrativou a zji\u0161\u0165ujete tak, \u017ee na to sami prost\u011b nesta\u010d\u00edte? Pot\u0159ebujete akutn\u011b svou \u00fa\u010detn\u00ed?Nezoufejte, za\u010dnete ji hledat! Takov\u00e1 s\u00edla se pak projev\u00ed jist\u011b i v hospod\u00e1\u0159sk\u00e9m v\u00fdsledku cel\u00e9ho podnik\u00e1n\u00ed. Pap\u00edrov\u00e1n\u00ed se stejn\u011b nikdy nezbav\u00edte, nemine V\u00e1s a \u00fa\u010detn\u00ed bude zkr\u00e1tka nezbytnou sou\u010d\u00e1st\u00ed kolektivu zam\u011bstnanc\u016f Va\u0161\u00ed firmy. Podejte si inzer\u00e1t a vyberte toho nejlep\u0161\u00ed adepta nebo adeptku.KolektivM\u00edt dob\u0159e vybran\u00fd pracovn\u00ed kolektiv, to je jeden z pil\u00ed\u0159\u016f \u00fasp\u011b\u0161n\u00e9ho podniku. Do takov\u00e9ho kolektivu jist\u011b zapadne i osoba \u00fa\u010detn\u00ed, kter\u00e1 bude za\u0161ti\u0165ovat ve\u0161kerou pot\u0159ebnou administrativu. M\u00edt takov\u00e9ho \u010dlov\u011bka jako platn\u00e9ho \u010dlena t\u00fdmu je obzvl\u00e1\u0161t\u011b d\u016fle\u017eit\u00e9, tak na to p\u0159i jeho v\u00fdb\u011bru myslete&#8230;                                                                                                                                                                                                                                                                                                                                                                                                "},{"@context":"https:\/\/schema.org\/","@type":"BreadcrumbList","itemListElement":[{"@type":"ListItem","position":1,"name":"\u00da\u010detn\u00ed","item":"https:\/\/www.rejza.cz\/ucetni\/#breadcrumbitem"}]}]