[{"@context":"https:\/\/schema.org\/","@type":"Article","@id":"https:\/\/www.rejza.cz\/velky-uklid\/#Article","mainEntityOfPage":"https:\/\/www.rejza.cz\/velky-uklid\/","headline":"Velk\u00fd \u00faklid","name":"Velk\u00fd \u00faklid","description":"Pl\u00e1nujete velk\u00fd \u00faklid. Um\u00fdt okna, vyprat z\u00e1clony, vy\u010distit sp\u00e1ry mezi dla\u017edi\u010dkami, vy\u010distit odpadkov\u00e9 ko\u0161e, set\u0159\u00edt pavu\u010diny a spoustu dal\u0161\u00edch \u00fakol\u016f. K tomu se v\u00e1m hod\u00ed siln\u00ed a \u00fa\u010dinn\u00ed pomocn\u00edci. Zapome\u0148te na \u010distic\u00ed prost\u0159edky, kter\u00e9 m\u00e1te v sou\u010dasnosti doma. Ur\u010dit\u011b jste si u\u017e v\u0161imli, \u017ee ne\u010dist\u00ed zase tak \u00fapln\u011b dob\u0159e. Po\u0159i\u010fte si nov\u00e9 \u010disti\u010de, kter\u00e9 \u00faklid [&hellip;]","datePublished":"2024-12-28","dateModified":"2024-12-28","author":{"@type":"Person","@id":"https:\/\/www.rejza.cz\/author\/#Person","name":"","url":"https:\/\/www.rejza.cz\/author\/","identifier":1,"image":{"@type":"ImageObject","@id":"https:\/\/secure.gravatar.com\/avatar\/383247cd769f7ac317a5bcda943ec48a3c79d996598ae4564ec21a0e178126d1?s=96&d=mm&r=g","url":"https:\/\/secure.gravatar.com\/avatar\/383247cd769f7ac317a5bcda943ec48a3c79d996598ae4564ec21a0e178126d1?s=96&d=mm&r=g","height":96,"width":96}},"publisher":{"@type":"Organization","name":"rejza.cz","logo":{"@type":"ImageObject","@id":"\/logo.png","url":"\/logo.png","width":600,"height":60}},"url":"https:\/\/www.rejza.cz\/velky-uklid\/","wordCount":174,"articleBody":"Pl\u00e1nujete velk\u00fd \u00faklid. Um\u00fdt okna, vyprat z\u00e1clony, vy\u010distit sp\u00e1ry mezi dla\u017edi\u010dkami, vy\u010distit odpadkov\u00e9 ko\u0161e, set\u0159\u00edt pavu\u010diny a spoustu dal\u0161\u00edch \u00fakol\u016f. K tomu se v\u00e1m hod\u00ed siln\u00ed a \u00fa\u010dinn\u00ed pomocn\u00edci. Zapome\u0148te na \u010distic\u00ed prost\u0159edky, kter\u00e9 m\u00e1te v sou\u010dasnosti doma. Ur\u010dit\u011b jste si u\u017e v\u0161imli, \u017ee ne\u010dist\u00ed zase tak \u00fapln\u011b dob\u0159e. Po\u0159i\u010fte si nov\u00e9 \u010disti\u010de, kter\u00e9 \u00faklid d\u00edky sv\u00e9 kvalit\u011b velmi usnadn\u00ed. Pomocn\u00edci p\u0159esn\u011b pro v\u00e1s Zap\u0159em\u00fd\u0161lejte o drogerii z N\u011bmecka. Pokud chcete perfektn\u011b uklidit \u010di vyprat, jsou to pomocn\u00edci p\u0159esn\u011b pro v\u00e1s. Opravdov\u00e1 kvalita za dobrou cenu. Na \u010desk\u00e9m trhu tuhle kvalitu nehledejte, najdete sice stejn\u00e9 v\u00fdrobky, ale za v\u011bt\u0161\u00ed ceny, to je v\u0161e. Jen drogerie z N\u011bmecka zaru\u010duje opravdovou kvalitu v\u0161ech v\u00fdrobk\u016f pot\u0159ebn\u00fdch pro \u00faklid i pran\u00ed. A v\u011b\u0159te, \u017ee v\u00edm, o \u010dem p\u00ed\u0161i.                                                                                                                                                                                                                                                                                                                                                                                        5\/5 - (5 votes)        "},{"@context":"https:\/\/schema.org\/","@type":"BreadcrumbList","itemListElement":[{"@type":"ListItem","position":1,"name":"Velk\u00fd \u00faklid","item":"https:\/\/www.rejza.cz\/velky-uklid\/#breadcrumbitem"}]}]